{"id":32634,"date":"2026-08-31T16:33:29","date_gmt":"2026-08-31T13:33:29","guid":{"rendered":"https:\/\/westestetik.com\/?p=32634"},"modified":"2026-08-31T17:35:57","modified_gmt":"2026-08-31T14:35:57","slug":"yuz-germe-ameliyati-turkiye","status":"publish","type":"post","link":"https:\/\/westestetik.com\/fr\/yuz-germe-ameliyati-turkiye\/","title":{"rendered":"T\u00fcrkiye&#8217;de Y\u00fcz Germe Ameliyat\u0131 Yapt\u0131rmak"},"content":{"rendered":"<p>Zaman\u0131n cilt \u00fczerinde b\u0131rakt\u0131\u011f\u0131 izler; yer \u00e7ekimi, elastikiyet kayb\u0131 ve \u00e7evresel fakt\u00f6rlerle birle\u015fti\u011finde y\u00fcz hatlar\u0131nda belirgin bir sarkma ve hacim kayb\u0131 olu\u015fturur. Medikal estetik uygulamalar\u0131 bir noktaya kadar ya\u015flanma belirtilerini geciktirse de derin dokularda meydana gelen deformasyonlar\u0131 tamamen d\u00fczeltmek i\u00e7in cerrahi m\u00fcdahale ka\u00e7\u0131n\u0131lmaz hale gelir. Medikal turizmin ve estetik cerrahinin k\u00fcresel merkezlerinden biri olan T\u00fcrkiye, geli\u015fmi\u015f sa\u011fl\u0131k altyap\u0131s\u0131 ve uzman cerrah kadrosuyla y\u00fcz germe ameliyatlar\u0131nda en \u00e7ok tercih edilen \u00fclkelerin ba\u015f\u0131nda gelmektedir.<\/p>\n\n\n\n<p>Bu kapsaml\u0131 rehberde, T\u00fcrkiye&#8217;de y\u00fcz germe ameliyat\u0131 yapt\u0131rmay\u0131 d\u00fc\u015f\u00fcnenler i\u00e7in s\u00fcrecin t\u0131bbi detaylar\u0131n\u0131, ameliyat tekniklerini, iyile\u015fme d\u00f6nemini ve dikkat edilmesi gereken kritik unsurlar\u0131 t\u00fcm \u015feffafl\u0131\u011f\u0131yla ele al\u0131yoruz.<\/p>\n\n\n\n<h2 class=\"wp-block-heading\">Qu'est-ce que la chirurgie du lifting ?<\/h2>\n\n\n\n<p>Y\u00fcz germe ameliyat\u0131, y\u00fcz ve boyun b\u00f6lgesindeki ya\u015flanmaya ba\u011fl\u0131 sarkma, derin k\u0131r\u0131\u015f\u0131kl\u0131k ve doku gev\u015femelerini gidermek amac\u0131yla yap\u0131lan cerrahi bir operasyondur. Operasyon s\u0131ras\u0131nda sadece cilt y\u00fczeyi gerilmez; cildin alt\u0131ndaki kas ve ba\u011f dokusunu i\u00e7eren SMAS (Superficial Musculoaponeurotic System) tabakas\u0131 da yeniden yap\u0131land\u0131r\u0131l\u0131r.<\/p>\n\n\n\n<p>Yaln\u0131zca derinin gerildi\u011fi eski tip cerrahi yakla\u015f\u0131mlar, y\u00fczde yapay ve &#8220;\u00e7ekilmi\u015f&#8221; bir ifade yarat\u0131rken; modern SMAS odakl\u0131 cerrahiler do\u011fal, dinlenmi\u015f ve gen\u00e7 bir y\u00fcz anatomisi elde etmeyi sa\u011flar.<\/p>\n\n\n\n<h3 class=\"wp-block-heading\">Hangi Sorunlar\u0131 \u00c7\u00f6zer?<\/h3>\n\n\n\n<ul class=\"wp-block-list\">\n<li>Yanak b\u00f6lgesindeki sarkmalar ve hacim kay\u0131plar\u0131<\/li>\n\n\n\n<li>\u00c7ene hatt\u0131n\u0131n (jowl line) netli\u011fini kaybetmesi ve alt y\u00fcz gev\u015femeleri<\/li>\n\n\n\n<li>Burun kenar\u0131ndan a\u011f\u0131z k\u00f6\u015felerine inen derin oluklar (nazolabial \u00e7izgiler)<\/li>\n\n\n\n<li>Boyun b\u00f6lgesinde olu\u015fan doku sarkmalar\u0131 ve &#8220;hindi boynu&#8221; g\u00f6r\u00fcn\u00fcm\u00fc<\/li>\n\n\n\n<li>Y\u00fcz\u00fcn orta ve alt \u00fc\u00e7\u00fcnc\u00fc b\u00f6l\u00fcm\u00fcndeki genel elastikiyet kayb\u0131<\/li>\n<\/ul>\n\n\n\n<h2 class=\"wp-block-heading\">Y\u00fcz Germe Ameliyat\u0131 Teknikleri<\/h2>\n\n\n\n<p>Cerrahi teknik, hastan\u0131n ya\u015f\u0131na, cilt kalitesine, doku sarkmas\u0131n\u0131n derecesine ve anatomik yap\u0131s\u0131na g\u00f6re belirlenir.<\/p>\n\n\n\n<h3 class=\"wp-block-heading\">1. Klasik (Tam) Y\u00fcz Germe<\/h3>\n\n\n\n<p>Geni\u015f \u00e7apl\u0131 ya\u015flanma belirtileri g\u00f6steren, genellikle 50 ya\u015f ve \u00fczeri bireylerde tercih edilen tekniktir. Kesiler \u015fakak b\u00f6lgesindeki sa\u00e7l\u0131 deriden ba\u015flar, kulak \u00f6n\u00fcnden dolanarak kulak arkas\u0131na ve sa\u00e7l\u0131 derinin i\u00e7ine do\u011fru devam eder. Hem SMAS tabakas\u0131 yukar\u0131 ve geriye do\u011fru ta\u015f\u0131n\u0131r hem de fazla cilt dokusu \u00e7\u0131kar\u0131l\u0131r.<\/p>\n\n\n\n<h3 class=\"wp-block-heading\">2. Mini Y\u00fcz Germe<\/h3>\n\n\n\n<p>Daha hafif sarkmalar\u0131 olan ve gen\u00e7 ya\u015f grubundaki (genellikle 40-50 ya\u015f aras\u0131) hastalar i\u00e7in uygundur. Kesiler yaln\u0131zca kulak \u00f6n\u00fcyle s\u0131n\u0131rl\u0131d\u0131r. \u0130yile\u015fme s\u00fcreci klasik y\u00f6nteme g\u00f6re daha h\u0131zl\u0131d\u0131r ve minimal invaziv bir yakla\u015f\u0131m sunar.<\/p>\n\n\n\n<h3 class=\"wp-block-heading\">3. Derin Plan (Deep Plane) Y\u00fcz Germe<\/h3>\n\n\n\n<p>Son y\u0131llarda estetik cerrahide \u00f6ne \u00e7\u0131kan en ileri tekniklerden biridir. Bu y\u00f6ntemde cerrah, cilt ile SMAS tabakas\u0131n\u0131 ay\u0131rmak yerine, SMAS alt\u0131ndaki derin plana inerek kas ve ya\u011f dokular\u0131n\u0131 tek bir blok halinde serbestle\u015ftirir ve yukar\u0131 ta\u015f\u0131r. Y\u00fczde gerginlik hissi yaratmadan son derece do\u011fal ve uzun \u00f6m\u00fcrl\u00fc sonu\u00e7lar sa\u011flar.<\/p>\n\n\n\n<h3 class=\"wp-block-heading\">4. Boyun Germe (Platysmaplasty) ile Kombine Y\u00fcz Germe<\/h3>\n\n\n\n<p>Y\u00fczdeki sarkmalar genellikle boyundaki gev\u015femelerle paralel ilerler. \u00c7ene alt\u0131ndaki Platysma kas\u0131n\u0131n s\u0131k\u0131la\u015ft\u0131r\u0131lmas\u0131 ve fazla derinin al\u0131nmas\u0131yla yap\u0131lan boyun germe, y\u00fcz germe ameliyat\u0131 ile kombine edilerek tam bir alt y\u00fcz ve boyun gen\u00e7le\u015ftirmesi sa\u011flan\u0131r.<\/p>\n\n\n\n<h2 class=\"wp-block-heading\">Neden T\u00fcrkiye&#8217;de Y\u00fcz Germe Ameliyat\u0131?<\/h2>\n\n\n\n<p>T\u00fcrkiye, her y\u0131l binlerce uluslararas\u0131 ve yerli hastan\u0131n estetik cerrahi operasyonlar\u0131 i\u00e7in ilk tercihi olmaktad\u0131r. Bu durumun arkas\u0131nda yatan temel fakt\u00f6rler \u015funlard\u0131r:<\/p>\n\n\n\n<h3 class=\"wp-block-heading\">Uzman Cerrah Kadrosu ve Deneyim<\/h3>\n\n\n\n<p>T\u00fcrk plastik cerrahlar\u0131, hem yurt i\u00e7i hem de yurt d\u0131\u015f\u0131 e\u011fitimleri, uluslararas\u0131 akreditasyonlar\u0131 (EBOPRAS, ISAPS vb.) ve y\u00fcksek vaka say\u0131lar\u0131 sayesinde derin bir tecr\u00fcbeye sahiptir. Karma\u015f\u0131k vakalardaki y\u00fcksek ba\u015far\u0131 oranlar\u0131, T\u00fcrkiye&#8217;deki estetik cerrahi standartlar\u0131n\u0131 yukar\u0131 ta\u015f\u0131maktad\u0131r.<\/p>\n\n\n\n<h3 class=\"wp-block-heading\">Uluslararas\u0131 Akredite Hastaneler<\/h3>\n\n\n\n<p>Operasyonlar, JCI (Joint Commission International) akreditasyonuna sahip, tam donan\u0131ml\u0131 ve ileri teknoloji yo\u011fun bak\u0131m \u00fcnitelerine sahip tam te\u015fekk\u00fcll\u00fc hastanelerde ger\u00e7ekle\u015ftirilir. Bu durum ameliyat esnas\u0131ndaki ve sonras\u0131ndaki hasta g\u00fcvenli\u011fini maksimum d\u00fczeye \u00e7\u0131kar\u0131r.<\/p>\n\n\n\n<h3 class=\"wp-block-heading\">Kapsaml\u0131 Hizmet Yakla\u015f\u0131m\u0131<\/h3>\n\n\n\n<p>Sa\u011fl\u0131k turizmi kapsam\u0131nda sunulan hizmetler yaln\u0131zca ameliyatla s\u0131n\u0131rl\u0131 kalmaz; havaliman\u0131 transferleri, konaklama, ki\u015fiye \u00f6zel terc\u00fcman deste\u011fi ve ameliyat sonras\u0131 bak\u0131m s\u00fcre\u00e7leri entegre bir \u015fekilde planlan\u0131r.<\/p>\n\n\n\n<h2 class=\"wp-block-heading\">Ameliyat \u00d6ncesi Haz\u0131rl\u0131k S\u00fcreci<\/h2>\n\n\n\n<p>Ba\u015far\u0131l\u0131 bir y\u00fcz germe operasyonunun temeli, do\u011fru bir planlama ve ameliyat \u00f6ncesi haz\u0131rl\u0131k d\u00f6nemidir.<\/p>\n\n\n\n<ul class=\"wp-block-list\">\n<li><strong>Detayl\u0131 Kons\u00fcltasyon:<\/strong> Cerrah, hastan\u0131n y\u00fcz anatomisini inceler, cilt kalitesini de\u011ferlendirir ve beklentileri analiz eder. Hastan\u0131n genel sa\u011fl\u0131k ge\u00e7mi\u015fi detayl\u0131ca sorgulan\u0131r.<\/li>\n\n\n\n<li><strong>T\u0131bbi Tetkikler:<\/strong> Ameliyat \u00f6ncesinde kan tahlilleri, elektrokardiyogram (EKG) ve gerekli durumlarda ek anestezi de\u011ferlendirmeleri yap\u0131l\u0131r.<\/li>\n\n\n\n<li><strong>Sigara ve Alkol Kullan\u0131m\u0131:<\/strong> Sigara, doku kan dola\u015f\u0131m\u0131n\u0131 bozarak yara iyile\u015fmesini ciddi derecede geciktirir ve nekroz riskini art\u0131r\u0131r. Ameliyattan en az 3-4 hafta \u00f6nce sigara ve alkol t\u00fcketimi tamamen b\u0131rak\u0131lmal\u0131d\u0131r.<\/li>\n\n\n\n<li><strong>\u0130la\u00e7 D\u00fczenlemesi:<\/strong> Kan suland\u0131r\u0131c\u0131 ila\u00e7lar, aspirin, baz\u0131 vitamin takviyeleri ve bitki \u00e7aylar\u0131 ameliyattan en az 2 hafta \u00f6nce doktor kontrol\u00fcnde kesilmelidir.<\/li>\n<\/ul>\n\n\n\n<h2 class=\"wp-block-heading\">Ameliyat S\u00fcreci ve \u0130yile\u015fme D\u00f6nemi<\/h2>\n\n\n\n<p>Y\u00fcz germe ameliyat\u0131 genel anestezi alt\u0131nda ger\u00e7ekle\u015ftirilir ve operasyonun kapsam\u0131na ba\u011fl\u0131 olarak ortalama 3 ila 6 saat s\u00fcrer.<\/p>\n\n\n\n<h3 class=\"wp-block-heading\">Ameliyat G\u00fcn\u00fc ve \u0130lk 24 Saat<\/h3>\n\n\n\n<p>Ameliyat sonras\u0131nda hastan\u0131n doku alt\u0131nda birikebilecek s\u0131v\u0131lar\u0131 tahliye etmek amac\u0131yla k\u00fc\u00e7\u00fck drenler yerle\u015ftirilebilir. Y\u00fcz b\u00f6lgesine hafif bir bask\u0131l\u0131 bandaj uygulan\u0131r. \u0130lk gece genellikle hastanede m\u00fc\u015fahede alt\u0131nda ge\u00e7irilir.<\/p>\n\n\n\n<h3 class=\"wp-block-heading\">\u0130lk Hafta<\/h3>\n\n\n\n<ul class=\"wp-block-list\">\n<li>\u0130lk 3-4 g\u00fcn y\u00fczde \u015fi\u015flik (\u00f6dem) ve morluklar en \u00fcst seviyeye ula\u015f\u0131r, ard\u0131ndan h\u0131zla azalmaya ba\u015flar.<\/li>\n\n\n\n<li>A\u011fr\u0131, re\u00e7ete edilen a\u011fr\u0131 kesicilerle kolayl\u0131kla kontrol alt\u0131na al\u0131nabilecek d\u00fczeydedir.<\/li>\n\n\n\n<li>Ba\u015f\u0131n y\u00fcksekte tutularak yat\u0131lmas\u0131 \u00f6demin daha h\u0131zl\u0131 da\u011f\u0131lmas\u0131na yard\u0131mc\u0131 olur.<\/li>\n\n\n\n<li>Drenler genellikle 1-2 g\u00fcn i\u00e7inde, diki\u015fler ise 7-10 g\u00fcn i\u00e7erisinde al\u0131n\u0131r.<\/li>\n<\/ul>\n\n\n\n<h3 class=\"wp-block-heading\">Ameliyat Sonras\u0131 \u0130lk Ay<\/h3>\n\n\n\n<ul class=\"wp-block-list\">\n<li>\n<ol start=\"2\" class=\"wp-block-list\">\n<li>haftadan itibaren hastalar genellikle sosyal ya\u015famlar\u0131na ve hafif masa ba\u015f\u0131 i\u015flerine geri d\u00f6nebilirler.<\/li>\n<\/ol>\n<\/li>\n\n\n\n<li>A\u011f\u0131r egzersizlerden, buhar banyosu, sauna ve direkt g\u00fcne\u015f \u0131\u015f\u0131\u011f\u0131ndan en az 4-6 hafta ka\u00e7\u0131n\u0131lmal\u0131d\u0131r.<\/li>\n\n\n\n<li>Y\u00fczdeki uyu\u015fukluk veya hissizlik duygusu dokular\u0131n iyile\u015fmesiyle birlikte kademeli olarak d\u00fczelir.<\/li>\n<\/ul>\n\n\n\n<h2 class=\"wp-block-heading\">Ameliyat Sonras\u0131 Do\u011fal G\u00f6r\u00fcn\u00fcm ve \u0130zsiz \u0130yile\u015fme<\/h2>\n\n\n\n<p>Y\u00fcz germe ameliyat\u0131 yapt\u0131rmay\u0131 d\u00fc\u015f\u00fcnen bireylerin en b\u00fcy\u00fck endi\u015felerinden biri ameliyat izlerinin g\u00f6r\u00fcn\u00fcrl\u00fc\u011f\u00fcd\u00fcr.<\/p>\n\n\n\n<p>Estetik cerrahide kesiler, y\u00fcz\u00fcn do\u011fal k\u0131vr\u0131mlar\u0131na (kulak \u00f6n\u00fc \u00e7izgisi, kulak arkas\u0131 ve sa\u00e7l\u0131 deri i\u00e7i) gizlenir. \u0130yile\u015fme tamamland\u0131\u011f\u0131nda bu izler ten rengine d\u00f6nerek belirsiz bir hal al\u0131r. \u0130lk aylarda pembe renkli olan izler, cerrah\u0131n \u00f6nerece\u011fi silikon bazl\u0131 krem ve g\u00fcne\u015f koruyucular\u0131n d\u00fczenli kullan\u0131m\u0131yla zamanla neredeyse g\u00f6r\u00fcnmez seviyeye geriler.<\/p>\n\n\n\n<h2 class=\"wp-block-heading\">Ameliyat\u0131n Kal\u0131c\u0131l\u0131k S\u00fcresi Ne Kadard\u0131r?<\/h2>\n\n\n\n<p><a href=\"https:\/\/westestetik.com\/fr\/lifting-du-visage-en-turquie\/\">Y\u00fcz germe ameliyat\u0131<\/a> zaman\u0131 durdurmaz ancak &#8220;saati geri al\u0131r&#8221;. Operasyon sonras\u0131 elde edilen gen\u00e7le\u015fme etkisi genellikle 10 ila 15 y\u0131l boyunca kal\u0131c\u0131l\u0131\u011f\u0131n\u0131 korur. Ki\u015fi ya\u015flanmaya devam eder ancak her zaman ameliyat olmad\u0131\u011f\u0131 durumdan \u00e7ok daha gen\u00e7 ve taze bir g\u00f6r\u00fcn\u00fcme sahip olur.<\/p>\n\n\n\n<p>Kal\u0131c\u0131l\u0131k s\u00fcresini uzatmak i\u00e7in:<\/p>\n\n\n\n<ul class=\"wp-block-list\">\n<li>D\u00fczenli g\u00fcne\u015f kremi kullan\u0131lmal\u0131,<\/li>\n\n\n\n<li>Sigara ve alkolden uzak durulmal\u0131,<\/li>\n\n\n\n<li>Dengeli beslenme ve d\u00fczenli uyku al\u0131\u015fkanl\u0131klar\u0131 edinilmeli,<\/li>\n\n\n\n<li>Cilt bak\u0131m rutinleri aksat\u0131lmamal\u0131d\u0131r.<\/li>\n<\/ul>\n\n\n\n<p><a href=\"https:\/\/westestetik.com\/fr\/lifting-du-visage-en-turquie\/\">T\u00fcrkiye&#8217;de y\u00fcz germe ameliyat\u0131<\/a> yapt\u0131rmak, do\u011fru cerrah ve donan\u0131ml\u0131 bir hastane se\u00e7imiyle birle\u015fti\u011finde son derece g\u00fcvenli ve tatmin edici sonu\u00e7lar sunan cerrahi bir yat\u0131r\u0131md\u0131r. Do\u011fal, taze ve gen\u00e7 bir g\u00f6r\u00fcn\u00fcme kavu\u015fmak i\u00e7in ameliyat \u00f6ncesi detayl\u0131 bir ara\u015ft\u0131rma yapmak, ger\u00e7ek\u00e7i beklentilere sahip olmak ve ameliyat sonras\u0131 bak\u0131m talimatlar\u0131na eksiksiz uymak s\u00fcrecin en \u00f6nemli ad\u0131mlar\u0131d\u0131r.<\/p>","protected":false},"excerpt":{"rendered":"<p>Zaman\u0131n cilt \u00fczerinde b\u0131rakt\u0131\u011f\u0131 izler; yer \u00e7ekimi, elastikiyet kayb\u0131 ve \u00e7evresel fakt\u00f6rlerle birle\u015fti\u011finde y\u00fcz hatlar\u0131nda belirgin bir sarkma ve hacim<\/p>","protected":false},"author":3,"featured_media":32635,"comment_status":"open","ping_status":"open","sticky":false,"template":"","format":"standard","meta":{"footnotes":""},"categories":[1],"tags":[],"class_list":["post-32634","post","type-post","status-publish","format-standard","has-post-thumbnail","hentry","category-uncategorized"],"_links":{"self":[{"href":"https:\/\/westestetik.com\/fr\/wp-json\/wp\/v2\/posts\/32634","targetHints":{"allow":["GET"]}}],"collection":[{"href":"https:\/\/westestetik.com\/fr\/wp-json\/wp\/v2\/posts"}],"about":[{"href":"https:\/\/westestetik.com\/fr\/wp-json\/wp\/v2\/types\/post"}],"author":[{"embeddable":true,"href":"https:\/\/westestetik.com\/fr\/wp-json\/wp\/v2\/users\/3"}],"replies":[{"embeddable":true,"href":"https:\/\/westestetik.com\/fr\/wp-json\/wp\/v2\/comments?post=32634"}],"version-history":[{"count":3,"href":"https:\/\/westestetik.com\/fr\/wp-json\/wp\/v2\/posts\/32634\/revisions"}],"predecessor-version":[{"id":32638,"href":"https:\/\/westestetik.com\/fr\/wp-json\/wp\/v2\/posts\/32634\/revisions\/32638"}],"wp:featuredmedia":[{"embeddable":true,"href":"https:\/\/westestetik.com\/fr\/wp-json\/wp\/v2\/media\/32635"}],"wp:attachment":[{"href":"https:\/\/westestetik.com\/fr\/wp-json\/wp\/v2\/media?parent=32634"}],"wp:term":[{"taxonomy":"category","embeddable":true,"href":"https:\/\/westestetik.com\/fr\/wp-json\/wp\/v2\/categories?post=32634"},{"taxonomy":"post_tag","embeddable":true,"href":"https:\/\/westestetik.com\/fr\/wp-json\/wp\/v2\/tags?post=32634"}],"curies":[{"name":"wp","href":"https:\/\/api.w.org\/{rel}","templated":true}]}}