{"id":32622,"date":"2026-08-24T16:19:56","date_gmt":"2026-08-24T13:19:56","guid":{"rendered":"https:\/\/westestetik.com\/?p=32622"},"modified":"2026-08-27T17:31:41","modified_gmt":"2026-08-27T14:31:41","slug":"yuz-germe-sonrasi-iyilesme-rehberi","status":"publish","type":"post","link":"https:\/\/westestetik.com\/es\/yuz-germe-sonrasi-iyilesme-rehberi\/","title":{"rendered":"Y\u00fcz Germe Sonras\u0131 \u0130yile\u015fme Rehberi: Ad\u0131m Ad\u0131m S\u00fcre\u00e7 ve Dikkat Edilmesi Gerekenler"},"content":{"rendered":"<p>Y\u00fcz germe ameliyat\u0131, y\u00fcz ve boyun b\u00f6lgesinde zaman i\u00e7erisinde ortaya \u00e7\u0131kan sarkma, gev\u015feme ve kontur kay\u0131plar\u0131n\u0131 yeniden \u015fekillendirmeyi ama\u00e7layan cerrahi uygulamalardan biridir. Operasyonun sonucunu etkileyen \u00f6nemli a\u015famalardan biri ise <strong>y\u00fcz germe ameliyat\u0131 sonras\u0131 iyile\u015fme s\u00fcrecidir<\/strong>.<\/p>\n\n\n\n<p>\u0130yile\u015fme d\u00f6neminde y\u00fcz\u00fcn yeni g\u00f6r\u00fcn\u00fcm\u00fc bir anda ortaya \u00e7\u0131kmaz. \u0130lk g\u00fcnlerde \u015fi\u015flik, morluk, gerginlik ve ge\u00e7ici his de\u011fi\u015fiklikleri g\u00f6r\u00fclebilir. Bu etkiler zaman i\u00e7erisinde azal\u0131rken y\u00fcz hatlar\u0131 daha belirgin hale gelir ve dokular yeni konumlar\u0131na uyum sa\u011flamaya ba\u015flar.<\/p>\n\n\n\n<p>Y\u00fcz germe ameliyat\u0131 sonras\u0131 iyile\u015fme s\u00fcresi; uygulanan cerrahi tekni\u011fe, i\u015flemin kapsam\u0131na, ki\u015finin ya\u015f\u0131na, cilt yap\u0131s\u0131na, genel sa\u011fl\u0131k durumuna ve dokular\u0131n iyile\u015fme h\u0131z\u0131na g\u00f6re de\u011fi\u015febilir. Bu nedenle internette belirtilen s\u00fcrelerin genel bir rehber olarak de\u011ferlendirilmesi ve ki\u015finin kendi cerrah\u0131n\u0131n \u00f6nerilerini esas almas\u0131 \u00f6nemlidir.<\/p>\n\n\n\n<p>Genel olarak belirgin \u015fi\u015flik ve morluklar\u0131n \u00f6nemli b\u00f6l\u00fcm\u00fc ilk birka\u00e7 hafta i\u00e7erisinde azal\u0131rken, y\u00fcz\u00fcn tamamen do\u011fal ve oturmu\u015f g\u00f6r\u00fcn\u00fcm\u00fcne ula\u015fmas\u0131 birka\u00e7 ay s\u00fcrebilir.<\/p>\n\n\n\n<h2 class=\"wp-block-heading\"><strong>Y\u00fcz Germe Ameliyat\u0131 Sonras\u0131 \u0130yile\u015fme S\u00fcreci Nas\u0131l \u0130lerler?<\/strong><\/h2>\n\n\n\n<p>Y\u00fcz germe ameliyat\u0131 sonras\u0131 iyile\u015fme genellikle a\u015famal\u0131 olarak ger\u00e7ekle\u015fir. Operasyonun hemen ard\u0131ndan ba\u015flayan ilk d\u00f6nem, \u00f6dem ve morluklar\u0131n daha belirgin oldu\u011fu s\u00fcre\u00e7tir. \u0130lerleyen haftalarda \u015fi\u015flik azal\u0131r, kesi alanlar\u0131 iyile\u015fir ve ki\u015fi g\u00fcnl\u00fck ya\u015fam\u0131na kademeli olarak d\u00f6nmeye ba\u015flar.<\/p>\n\n\n\n<p>\u0130yile\u015fme s\u00fcrecini genel olarak \u015fu d\u00f6nemlere ay\u0131rmak m\u00fcmk\u00fcnd\u00fcr:<\/p>\n\n\n\n<ul class=\"wp-block-list\">\n<li>\u0130lk 24\u201372 saat: Dinlenmenin ve yak\u0131n takibin \u00f6n planda oldu\u011fu d\u00f6nemdir.<\/li>\n\n\n\n<li>\u0130lk hafta: \u015ei\u015flik ve morluklar belirgin olabilir ancak g\u00fcnler ilerledik\u00e7e azalmaya ba\u015flar.<\/li>\n\n\n\n<li>\u0130kinci hafta: Y\u00fcz g\u00f6r\u00fcn\u00fcm\u00fc giderek daha do\u011fal hale gelir.<\/li>\n\n\n\n<li>\u00dc\u00e7\u00fcnc\u00fc ve d\u00f6rd\u00fcnc\u00fc hafta: Pek \u00e7ok ki\u015fi sosyal ve g\u00fcnl\u00fck hayat\u0131na daha rahat d\u00f6nebilir.<\/li>\n\n\n\n<li>\u0130lk birka\u00e7 ay: Kalan \u00f6dem azal\u0131r ve y\u00fcz konturlar\u0131 giderek daha belirgin hale gelir.<\/li>\n\n\n\n<li>\u0130leri d\u00f6nem: Cerrahi kesilerin g\u00f6r\u00fcn\u00fcm\u00fc zamanla olgunla\u015f\u0131r ve nihai sonu\u00e7 daha net de\u011ferlendirilir.<\/li>\n<\/ul>\n\n\n\n<p>American Society of Plastic Surgeons&#8217;a g\u00f6re \u00f6zellikle ilk ay i\u00e7erisinde iyile\u015fmenin \u00f6nemli b\u00f6l\u00fcm\u00fc ger\u00e7ekle\u015fse de \u00e7ok hafif \u015fi\u015flik, gerginlik veya his de\u011fi\u015fikliklerinin tamamen ortadan kalkmas\u0131 daha uzun s\u00fcrebilir.<\/p>\n\n\n\n<h2 class=\"wp-block-heading\"><strong>Y\u00fcz Germe Ameliyat\u0131 Sonras\u0131 \u0130lk 24-72 Saat<\/strong><\/h2>\n\n\n\n<p>Y\u00fcz germe ameliyat\u0131ndan sonraki ilk 24\u201372 saat, iyile\u015fme s\u00fcrecinin en yak\u0131ndan takip edilmesi gereken d\u00f6nemlerinden biridir.<\/p>\n\n\n\n<p>Operasyon tamamland\u0131ktan sonra y\u00fcz \u00e7evresine \u015fi\u015fli\u011fi ve morlu\u011fu s\u0131n\u0131rland\u0131rmaya yard\u0131mc\u0131 olmak amac\u0131yla pansuman veya bandaj uygulanabilir. Cerrahi tekni\u011fe ba\u011fl\u0131 olarak ge\u00e7ici drenler de kullan\u0131labilir.<\/p>\n\n\n\n<p>\u0130lk g\u00fcnlerde:<\/p>\n\n\n\n<ul class=\"wp-block-list\">\n<li>Y\u00fczde \u015fi\u015flik olu\u015fabilir.<\/li>\n\n\n\n<li>Morluklar g\u00f6r\u00fclebilir.<\/li>\n\n\n\n<li>Ciltte gerginlik hissedilebilir.<\/li>\n\n\n\n<li>Hafif veya orta d\u00fczeyde rahats\u0131zl\u0131k hissi olabilir.<\/li>\n\n\n\n<li>Y\u00fcz\u00fcn baz\u0131 b\u00f6lgelerinde ge\u00e7ici uyu\u015fukluk olu\u015fabilir.<\/li>\n\n\n\n<li>Anesteziye ba\u011fl\u0131 yorgunluk hissedilebilir.<\/li>\n<\/ul>\n\n\n\n<p>\u015ei\u015flik baz\u0131 ki\u015filerde operasyonun hemen ard\u0131ndan en y\u00fcksek seviyesinde olmayabilir. \u0130lk birka\u00e7 g\u00fcn i\u00e7erisinde art\u0131p ard\u0131ndan kademeli olarak azalmaya ba\u015flayabilir. ASPS&#8217;nin hasta bilgilendirmesinde \u015fi\u015flik ve morlu\u011fun \u00f6zellikle \u00fc\u00e7\u00fcnc\u00fc-d\u00f6rd\u00fcnc\u00fc g\u00fcn civar\u0131nda belirgin olabilece\u011fi belirtilmektedir.<\/p>\n\n\n\n<p>Bu d\u00f6nemde cerrah taraf\u0131ndan verilen ila\u00e7lar\u0131n, yara bak\u0131m\u0131 \u00f6nerilerinin ve kontrol plan\u0131n\u0131n takip edilmesi \u00f6nemlidir.<\/p>\n\n\n\n<h2 class=\"wp-block-heading\"><strong>Y\u00fcz Germe Ameliyat\u0131 Sonras\u0131 \u0130lk Hafta<\/strong><\/h2>\n\n\n\n<p>\u0130lk hafta boyunca y\u00fcz dokular\u0131 iyile\u015fmeye devam eder. \u015ei\u015flik ve morluklar\u0131n bulunmas\u0131 ola\u011fan kabul edilebilirken, g\u00fcnler ilerledik\u00e7e ki\u015finin kendisini daha rahat hissetmesi beklenir.<\/p>\n\n\n\n<p>\u00d6zellikle ilk hafta i\u00e7erisinde y\u00fcz\u00fcn nihai sonucunu de\u011ferlendirmek do\u011fru de\u011fildir. \u015ei\u015flik nedeniyle y\u00fcz normalden daha geni\u015f, gergin veya asimetrik g\u00f6r\u00fcnebilir. Bu g\u00f6r\u00fcn\u00fcm \u00e7o\u011fu zaman iyile\u015fme s\u00fcrecinin ge\u00e7ici bir par\u00e7as\u0131d\u0131r.<\/p>\n\n\n\n<p>Bu d\u00f6nemde:<\/p>\n\n\n\n<ul class=\"wp-block-list\">\n<li>Ba\u015f\u0131n y\u00fcksek pozisyonda tutulmas\u0131,<\/li>\n\n\n\n<li>A\u011f\u0131r fiziksel aktivitelerden ka\u00e7\u0131n\u0131lmas\u0131,<\/li>\n\n\n\n<li>Cerrahi b\u00f6lgenin travmadan korunmas\u0131,<\/li>\n\n\n\n<li>Doktorun \u00f6nerdi\u011fi yara bak\u0131m\u0131n\u0131n uygulanmas\u0131,<\/li>\n\n\n\n<li>Kontrol randevular\u0131n\u0131n aksat\u0131lmamas\u0131<\/li>\n<\/ul>\n\n\n\n<p>\u00f6nem ta\u015f\u0131r.<\/p>\n\n\n\n<p>Y\u00fcz\u00fcn \u00fczerine bask\u0131 uygulayabilecek hareketlerden ve cerrah\u0131n izin vermedi\u011fi bak\u0131m uygulamalar\u0131ndan ka\u00e7\u0131n\u0131lmal\u0131d\u0131r.<\/p>\n\n\n\n<h2 class=\"wp-block-heading\"><strong>Y\u00fcz Germe Ameliyat\u0131 Sonras\u0131 2-4 Haftal\u0131k D\u00f6nem<\/strong><\/h2>\n\n\n\n<p>\u0130kinci haftadan itibaren y\u00fcz germe ameliyat\u0131 sonras\u0131 iyile\u015fme s\u00fcrecinde \u00f6nemli bir de\u011fi\u015fim g\u00f6r\u00fclebilir.<\/p>\n\n\n\n<p>\u0130lk g\u00fcnlerde dikkat \u00e7eken \u015fi\u015flik ve morluklar genellikle belirgin \u015fekilde azalmaya ba\u015flar. Ki\u015fi kendisini daha enerjik hissedebilir ve g\u00fcnl\u00fck aktivitelerine kademeli olarak d\u00f6nebilir.<\/p>\n\n\n\n<p>\u0130kinci haftan\u0131n sonunda bir\u00e7ok ki\u015fi sosyal ortamlarda daha rahat hissedebilir. Ancak hafif \u015fi\u015flik, gerginlik veya uyu\u015fukluk devam edebilir.<\/p>\n\n\n\n<p>\u00dc\u00e7\u00fcnc\u00fc ve d\u00f6rd\u00fcnc\u00fc haftalarda ise y\u00fcz konturlar\u0131 daha belirgin hale gelmeye ba\u015flayabilir. Operasyonun kapsam\u0131na ve iyile\u015fme h\u0131z\u0131na ba\u011fl\u0131 olarak cerrah\u0131n onay\u0131yla fiziksel aktivite d\u00fczeyi de kademeli olarak art\u0131r\u0131labilir.<\/p>\n\n\n\n<p>Geleneksel y\u00fcz germe operasyonlar\u0131ndan sonra pek \u00e7ok ki\u015finin yakla\u015f\u0131k iki ila \u00fc\u00e7 hafta i\u00e7erisinde i\u015f ve normal g\u00fcnl\u00fck aktivitelere d\u00f6nebildi\u011fini belirtmektedir.<\/p>\n\n\n\n<h2 class=\"wp-block-heading\"><strong>Y\u00fcz Germe Ameliyat\u0131 Sonras\u0131 \u015ei\u015flik ve Morluk Ne Zaman Ge\u00e7er?<\/strong><\/h2>\n\n\n\n<p><strong>Y\u00fcz germe ameliyat\u0131 sonras\u0131 \u015fi\u015flik ve morluk<\/strong>, iyile\u015fme s\u00fcrecinde en s\u0131k merak edilen konular aras\u0131ndad\u0131r.<\/p>\n\n\n\n<p>Cerrahi i\u015flem s\u0131ras\u0131nda dokular \u00fczerinde \u00e7al\u0131\u015f\u0131ld\u0131\u011f\u0131 i\u00e7in v\u00fccudun do\u011fal iyile\u015fme yan\u0131t\u0131 olarak \u00f6dem meydana gelebilir. Morluklar\u0131n miktar\u0131 ise ki\u015fiden ki\u015fiye farkl\u0131l\u0131k g\u00f6sterebilir.<\/p>\n\n\n\n<p>Genellikle ilk birka\u00e7 g\u00fcn daha belirgin olan \u015fi\u015flik ve morluklar ilerleyen haftalarda azal\u0131r. Morluk ve \u015fi\u015flik yakla\u015f\u0131k iki ila \u00fc\u00e7 hafta s\u00fcrebilir. Ancak ki\u015finin iyile\u015fme h\u0131z\u0131 ve ger\u00e7ekle\u015ftirilen i\u015flemin kapsam\u0131 bu s\u00fcreyi etkileyebilir.<\/p>\n\n\n\n<p>Y\u00fczdeki b\u00fcy\u00fck \u015fi\u015fli\u011fin azalmas\u0131, t\u00fcm \u00f6demin tamamen ge\u00e7ti\u011fi anlam\u0131na gelmez. D\u0131\u015far\u0131dan \u00e7ok fazla fark edilmeyen hafif \u00f6dem daha uzun s\u00fcre devam edebilir.<\/p>\n\n\n\n<p>Bu nedenle ameliyat\u0131n sonucunu yaln\u0131zca ilk haftalardaki g\u00f6r\u00fcn\u00fcme bakarak de\u011ferlendirmek yan\u0131lt\u0131c\u0131 olabilir.<\/p>\n\n\n\n<h2 class=\"wp-block-heading\"><strong>Y\u00fcz Germe Ameliyat\u0131 Sonras\u0131 Diki\u015fler Ne Zaman Al\u0131n\u0131r?<\/strong><\/h2>\n\n\n\n<p>Y\u00fcz germe ameliyat\u0131nda kullan\u0131lan diki\u015flerin t\u00fcr\u00fc cerrahi tekni\u011fe g\u00f6re de\u011fi\u015febilir. Kendili\u011finden eriyen diki\u015fler kullan\u0131labildi\u011fi gibi cerrah taraf\u0131ndan al\u0131nmas\u0131 gereken diki\u015fler de kullan\u0131labilir.<\/p>\n\n\n\n<p>Diki\u015flerin al\u0131nma zaman\u0131 kesi b\u00f6lgesine ve kullan\u0131lan tekni\u011fe g\u00f6re de\u011fi\u015fiklik g\u00f6sterebilir.<\/p>\n\n\n\n<p>NHS hasta bilgilendirmesinde y\u00fcz germe ameliyat\u0131 sonras\u0131nda al\u0131nmas\u0131 gereken diki\u015flerin \u00e7o\u011funlukla yakla\u015f\u0131k 7\u201314 g\u00fcnl\u00fck d\u00f6nemde \u00e7\u0131kar\u0131labildi\u011fi belirtilmektedir. Baz\u0131 diki\u015flerin 5\u201310 g\u00fcnl\u00fck d\u00f6nemde al\u0131nabilece\u011fini belirtmektedir.<\/p>\n\n\n\n<p>Bu nedenle diki\u015flerin ne zaman al\u0131naca\u011f\u0131 konusunda standart bir g\u00fcn belirlemek yerine cerrah\u0131n kontrol muayenesindeki de\u011ferlendirmesi esas al\u0131nmal\u0131d\u0131r.<\/p>\n\n\n\n<p>Diki\u015flere ki\u015finin kendisinin m\u00fcdahale etmemesi gerekir.<\/p>\n\n\n\n<h2 class=\"wp-block-heading\"><strong>Y\u00fcz Germe Sonras\u0131 A\u011fr\u0131, Gerginlik ve Uyu\u015fukluk Ne Kadar S\u00fcrer?<\/strong><\/h2>\n\n\n\n<p>Y\u00fcz germe ameliyat\u0131ndan sonra yo\u011fun a\u011fr\u0131dan ziyade baz\u0131 ki\u015filer taraf\u0131ndan gerginlik, bask\u0131, hassasiyet veya uyu\u015fukluk hissi tarif edilebilir.<\/p>\n\n\n\n<p>Dokular\u0131n yeniden konumland\u0131r\u0131lmas\u0131 ve cerrahi b\u00f6lgede olu\u015fan \u00f6dem nedeniyle \u00f6zellikle ilk g\u00fcnlerde y\u00fcz\u00fcn gergin hissedilmesi m\u00fcmk\u00fcnd\u00fcr.<\/p>\n\n\n\n<p>Ge\u00e7ici uyu\u015fukluk veya his farkl\u0131l\u0131\u011f\u0131 da g\u00f6r\u00fclebilir. Sinir u\u00e7lar\u0131n\u0131n ve \u00e7evre dokular\u0131n iyile\u015fmesiyle birlikte bu his \u00e7o\u011funlukla zaman i\u00e7erisinde azal\u0131r.<\/p>\n\n\n\n<p>Y\u00fcz germe sonras\u0131nda gerginlik ve uyu\u015fukluk gibi hislerin birka\u00e7 hafta boyunca devam edebilece\u011fini; y\u00fcz\u00fcn tamamen \u201cnormal\u201d hissedilmesinin baz\u0131 ki\u015filerde iki ila \u00fc\u00e7 ay\u0131 bulabilece\u011fini belirtmektedir.<\/p>\n\n\n\n<p>Beklenenden daha \u015fiddetli veya giderek artan a\u011fr\u0131 ise normal iyile\u015fme s\u00fcrecinden farkl\u0131 de\u011ferlendirilmelidir ve cerrahi ekibe bildirilmelidir.<\/p>\n\n\n\n<h2 class=\"wp-block-heading\"><strong>Y\u00fcz Germe Ameliyat\u0131 Sonras\u0131 Nas\u0131l Yat\u0131lmal\u0131?<\/strong><\/h2>\n\n\n\n<p><strong>Y\u00fcz germe ameliyat\u0131 sonras\u0131 yat\u0131\u015f pozisyonu<\/strong>, \u00f6zellikle ilk g\u00fcnlerde \u015fi\u015fli\u011fin kontrol edilmesi ve ameliyat b\u00f6lgesinin bask\u0131dan korunmas\u0131 a\u00e7\u0131s\u0131ndan \u00f6nem ta\u015f\u0131r.<\/p>\n\n\n\n<p>Genellikle ilk g\u00fcnlerde ba\u015f\u0131n g\u00f6vde seviyesinden daha yukar\u0131da tutulmas\u0131 \u00f6nerilir. Bunun i\u00e7in birden fazla yast\u0131k kullan\u0131labilir veya ki\u015finin rahat edebilece\u011fi y\u00fckseltilmi\u015f bir yat\u0131\u015f pozisyonu tercih edilebilir.<\/p>\n\n\n\n<p>NHS de y\u00fcz germe sonras\u0131 ilk birka\u00e7 g\u00fcn ba\u015f\u0131n yast\u0131klarla y\u00fckseltilmesini \u00f6nermektedir.<\/p>\n\n\n\n<p>Yan veya y\u00fcz\u00fcst\u00fc yatmak ameliyat b\u00f6lgesine bask\u0131 olu\u015fturabilece\u011finden, hangi pozisyonlar\u0131n ne kadar s\u00fcreyle s\u0131n\u0131rland\u0131r\u0131lmas\u0131 gerekti\u011fi cerraha dan\u0131\u015f\u0131lmal\u0131d\u0131r.<\/p>\n\n\n\n<p>Uyku s\u0131ras\u0131nda istemsiz d\u00f6nmeyi azaltmak i\u00e7in ki\u015finin \u00e7evresine destek yast\u0131klar\u0131 yerle\u015ftirmesi de konfor sa\u011flayabilir.<\/p>\n\n\n\n<h2 class=\"wp-block-heading\"><strong>Y\u00fcz Germe Ameliyat\u0131 Sonras\u0131 Du\u015f ve Makyaj Ne Zaman Yap\u0131labilir?<\/strong><\/h2>\n\n\n\n<p>Y\u00fcz germe ameliyat\u0131 sonras\u0131 du\u015f i\u00e7in en \u00f6nemli konu cerrahi kesilerin ve pansumanlar\u0131n korunmas\u0131d\u0131r.<\/p>\n\n\n\n<p>Du\u015f zaman\u0131 kullan\u0131lan pansuman, kesi tekni\u011fi ve doktorun bak\u0131m protokol\u00fcne ba\u011fl\u0131 olarak de\u011fi\u015febilir. NHS, genel hasta bilgilendirmesinde y\u00fcz germe operasyonundan sonraki ilk iki g\u00fcn bandajlar\u0131n \u0131slat\u0131lmamas\u0131n\u0131 belirtmektedir.<\/p>\n\n\n\n<p>Bu nedenle ki\u015finin cerrah\u0131ndan izin almadan pansumanlar\u0131 \u00e7\u0131karmamas\u0131 veya kesi b\u00f6lgelerine do\u011frudan su uygulamamas\u0131 gerekir.<\/p>\n\n\n\n<p>Makyaja d\u00f6n\u00fc\u015f i\u00e7in de kesi alanlar\u0131n\u0131n durumu \u00f6nemlidir. Cerrahi b\u00f6lgelerin kapanmas\u0131 ve enfeksiyon a\u00e7\u0131s\u0131ndan uygun hale gelmesi beklenmelidir.<\/p>\n\n\n\n<p>\u00d6zellikle do\u011frudan kesi hatlar\u0131n\u0131n \u00fczerine erken d\u00f6nemde kozmetik \u00fcr\u00fcn uygulanmas\u0131 \u00f6nerilmeyebilir. Makyaja ne zaman ba\u015flanabilece\u011fi kontrol muayenesinde cerrah taraf\u0131ndan belirlenmelidir.<\/p>\n\n\n\n<h2 class=\"wp-block-heading\"><strong>Y\u00fcz Germe Ameliyat\u0131 Sonras\u0131 \u0130\u015fe ve Sosyal Hayata Ne Zaman D\u00f6n\u00fcl\u00fcr?<\/strong><\/h2>\n\n\n\n<p>Y\u00fcz germe sonras\u0131 i\u015fe d\u00f6n\u00fc\u015f s\u00fcresi ki\u015finin yapt\u0131\u011f\u0131 i\u015fin niteli\u011fine ve operasyonun kapsam\u0131na g\u00f6re de\u011fi\u015fir.<\/p>\n\n\n\n<p>Masa ba\u015f\u0131 \u00e7al\u0131\u015fan bir ki\u015fi ile yo\u011fun fiziksel aktivite gerektiren bir i\u015fte \u00e7al\u0131\u015fan ki\u015finin i\u015fe d\u00f6n\u00fc\u015f s\u00fcresi ayn\u0131 olmayabilir.<\/p>\n\n\n\n<p>Geleneksel y\u00fcz germe ameliyatlar\u0131ndan sonra bir\u00e7ok ki\u015finin yakla\u015f\u0131k <strong>iki ila \u00fc\u00e7 hafta i\u00e7erisinde<\/strong> i\u015f hayat\u0131na d\u00f6nebildi\u011fi bildirilmektedir.<\/p>\n\n\n\n<p>Sosyal hayata d\u00f6n\u00fc\u015fte ise ki\u015finin kendisini rahat hissetmesi \u00f6nemlidir. \u0130kinci haftadan sonra morluk ve \u015fi\u015fliklerin \u00f6nemli \u00f6l\u00e7\u00fcde azalmas\u0131yla beraber baz\u0131 ki\u015filer sosyal ortamlara daha rahat \u00e7\u0131kabilir.<\/p>\n\n\n\n<p>Ancak ameliyat sonras\u0131 y\u00fcz\u00fcn d\u0131\u015far\u0131dan tamamen do\u011fal g\u00f6r\u00fcnmesi ile dokular\u0131n tamamen iyile\u015fmesi ayn\u0131 \u015fey de\u011fildir. Ki\u015fi sosyal hayat\u0131na d\u00f6nm\u00fc\u015f olsa bile i\u00e7 dokulardaki iyile\u015fme devam eder.<\/p>\n\n\n\n<h2 class=\"wp-block-heading\"><strong>Y\u00fcz Germe Ameliyat\u0131 Sonras\u0131 Spor Ne Zaman Yap\u0131labilir?<\/strong><\/h2>\n\n\n\n<p>\u0130yile\u015fme d\u00f6neminde hafif hareket etmek ile yo\u011fun egzersiz yapmak birbirinden ayr\u0131lmal\u0131d\u0131r.<\/p>\n\n\n\n<p>Doktor taraf\u0131ndan aksi belirtilmedi\u011fi s\u00fcrece k\u0131sa ve hafif y\u00fcr\u00fcy\u00fc\u015fler dola\u015f\u0131m\u0131n desteklenmesi a\u00e7\u0131s\u0131ndan erken d\u00f6nemde programa dahil edilebilir. Ancak a\u011f\u0131rl\u0131k kald\u0131rma, ko\u015fu, yo\u011fun kardiyo ve y\u00fcksek efor gerektiren egzersizlere d\u00f6n\u00fc\u015f i\u00e7in daha uzun s\u00fcre beklenmesi gerekebilir.<\/p>\n\n\n\n<p>Hasta bilgilendirmesinde yo\u011fun egzersizlerin en az yakla\u015f\u0131k \u00fc\u00e7 hafta s\u0131n\u0131rland\u0131r\u0131labilece\u011fi belirtilmektedir.<\/p>\n\n\n\n<p>Ancak bu s\u00fcre herkes i\u00e7in ayn\u0131 de\u011fildir.<\/p>\n\n\n\n<p>Y\u00fcz germe ile birlikte boyun germe, g\u00f6z kapa\u011f\u0131 ameliyat\u0131 veya ba\u015fka bir cerrahi uygulama ger\u00e7ekle\u015ftirildiyse spora d\u00f6n\u00fc\u015f plan\u0131 farkl\u0131 olabilir.<\/p>\n\n\n\n<p>Bu nedenle spora ba\u015flamadan \u00f6nce kontrol muayenesinde cerrah\u0131n onay\u0131n\u0131n al\u0131nmas\u0131 \u00f6nemlidir.<\/p>\n\n\n\n<h2 class=\"wp-block-heading\"><strong>Y\u00fcz Germe Ameliyat\u0131 Sonras\u0131 \u0130zler Ne Zaman Belirsizle\u015fir?<\/strong><\/h2>\n\n\n\n<p>Y\u00fcz germe ameliyat\u0131nda cerrahi kesilerin m\u00fcmk\u00fcn oldu\u011funca do\u011fal anatomik ge\u00e7i\u015flere ve sa\u00e7 \u00e7izgisi gibi daha az dikkat \u00e7eken b\u00f6lgelere yerle\u015ftirilmesi planlan\u0131r.<\/p>\n\n\n\n<p>Klasik y\u00fcz germe ameliyat\u0131nda kesiler genellikle sa\u00e7 \u00e7izgisi ve kulak \u00e7evresindeki do\u011fal k\u0131vr\u0131mlar boyunca ilerleyebilir.<\/p>\n\n\n\n<p>Ameliyat\u0131n ilk d\u00f6neminde kesi \u00e7izgileri pembe veya daha belirgin g\u00f6r\u00fcnebilir. \u0130yile\u015fme ilerledik\u00e7e renk ve g\u00f6r\u00fcn\u00fcm de\u011fi\u015fmeye ba\u015flar.<\/p>\n\n\n\n<p>Cerrahi izlerin olgunla\u015fmas\u0131 h\u0131zl\u0131 ger\u00e7ekle\u015fen bir s\u00fcre\u00e7 de\u011fildir. Haftalar ve aylar boyunca de\u011fi\u015fim devam edebilir.<\/p>\n\n\n\n<p>\u0130zin g\u00f6r\u00fcn\u00fcrl\u00fc\u011f\u00fc;<\/p>\n\n\n\n<ul class=\"wp-block-list\">\n<li>Cilt yap\u0131s\u0131<\/li>\n\n\n\n<li>Genetik \u00f6zellikler<\/li>\n\n\n\n<li>Cerrahi teknik<\/li>\n\n\n\n<li>Kesi b\u00f6lgesindeki gerilim<\/li>\n\n\n\n<li>Yara bak\u0131m\u0131<\/li>\n\n\n\n<li>G\u00fcne\u015ften korunma<\/li>\n\n\n\n<li>Sigara kullan\u0131m\u0131<\/li>\n<\/ul>\n\n\n\n<p>gibi bir\u00e7ok fakt\u00f6rden etkilenebilir.<\/p>\n\n\n\n<p>Y\u00fcz germe ameliyat\u0131 izleri tamamen yok olmayabilir ancak zaman i\u00e7erisinde daha az belirgin hale gelebilir. NHS de y\u00fcz germe sonras\u0131 izlerin zaman i\u00e7erisinde solabilece\u011fini ancak tamamen kaybolmayabilece\u011fini belirtmektedir.<\/p>\n\n\n\n<h2 class=\"wp-block-heading\"><strong>Y\u00fcz Germe Ameliyat\u0131n\u0131n Sonucu Ne Zaman Tam Olarak Oturur?<\/strong><\/h2>\n\n\n\n<p>Y\u00fcz germe ameliyat\u0131 sonras\u0131 en s\u0131k yap\u0131lan hatalardan biri sonucu \u00e7ok erken de\u011ferlendirmektir.<\/p>\n\n\n\n<p>\u0130lk haftalarda y\u00fczde \u015fi\u015flik ve gerginlik bulunmas\u0131 nedeniyle ger\u00e7ek y\u00fcz konturlar\u0131n\u0131 g\u00f6rmek m\u00fcmk\u00fcn olmayabilir.<\/p>\n\n\n\n<p>\u015ei\u015flik azald\u0131k\u00e7a:<\/p>\n\n\n\n<ul class=\"wp-block-list\">\n<li>\u00c7ene hatt\u0131 daha belirgin hale gelebilir.<\/li>\n\n\n\n<li>Y\u00fcz konturlar\u0131 daha net g\u00f6r\u00fcnmeye ba\u015flayabilir.<\/li>\n\n\n\n<li>Dokular daha do\u011fal bir g\u00f6r\u00fcn\u00fcm kazanabilir.<\/li>\n\n\n\n<li>Gerginlik hissi azalabilir.<\/li>\n\n\n\n<li>Cerrahi izler giderek olgunla\u015fabilir.<\/li>\n<\/ul>\n\n\n\n<p>\u0130lk birka\u00e7 ay i\u00e7erisinde g\u00f6r\u00fcn\u00fcm \u00f6nemli \u00f6l\u00e7\u00fcde otursa da \u00e7ok hafif \u00f6dem ve doku de\u011fi\u015fikliklerinin devam etmesi m\u00fcmk\u00fcnd\u00fcr.<\/p>\n\n\n\n<p>NHS, y\u00fcz germe operasyonunun nihai etkisinin baz\u0131 ki\u015filerde yakla\u015f\u0131k <strong>6\u20139 ay i\u00e7erisinde<\/strong> daha net de\u011ferlendirilebildi\u011fini belirtmektedir.<\/p>\n\n\n\n<p>Bu nedenle y\u00fcz germe sonras\u0131 de\u011fi\u015fim yaln\u0131zca \u201cilk ay\u201d \u00fczerinden de\u011ferlendirilmemelidir. Cerrahi sonucu takip etmek i\u00e7in ayn\u0131 \u0131\u015f\u0131k, a\u00e7\u0131 ve pozisyonda farkl\u0131 d\u00f6nemlerde \u00e7ekilen foto\u011fraflar de\u011fi\u015fimi anlamay\u0131 kolayla\u015ft\u0131rabilir.<\/p>\n\n\n\n<h2 class=\"wp-block-heading\"><strong>Y\u00fcz Germe Ameliyat\u0131 Sonras\u0131 \u0130yile\u015fmeyi Destekleyen \u00d6neriler<\/strong><\/h2>\n\n\n\n<p>Y\u00fcz germe ameliyat\u0131 sonras\u0131 iyile\u015fmenin \u00f6nemli bir b\u00f6l\u00fcm\u00fc v\u00fccudun do\u011fal iyile\u015fme kapasitesine ba\u011fl\u0131 olsa da operasyon sonras\u0131 bak\u0131m s\u00fcreci de \u00f6nem ta\u015f\u0131r.<\/p>\n\n\n\n<p>\u0130yile\u015fme d\u00f6neminde genel olarak \u015fu noktalara dikkat edilmesi \u00f6nerilebilir:<\/p>\n\n\n\n<p><strong>Doktor \u00f6nerilerine uyulmas\u0131:<\/strong><br>Kullan\u0131lacak ila\u00e7lardan yara bak\u0131m\u0131na kadar ameliyat sonras\u0131 verilen ki\u015fisel talimatlar \u00f6ncelikli olmal\u0131d\u0131r.<\/p>\n\n\n\n<p><strong>Kontrol randevular\u0131n\u0131n aksat\u0131lmamas\u0131:<\/strong><br>\u0130yile\u015fmenin de\u011ferlendirilmesi, diki\u015flerin kontrol\u00fc ve olas\u0131 sorunlar\u0131n erken fark edilmesi a\u00e7\u0131s\u0131ndan takip muayeneleri \u00f6nemlidir.<\/p>\n\n\n\n<p><strong>Ba\u015f\u0131n ilk d\u00f6nemde y\u00fcksekte tutulmas\u0131:<\/strong><br>\u00d6zellikle ilk g\u00fcnlerde y\u00fckseltilmi\u015f pozisyonda dinlenmek \u015fi\u015fli\u011fin kontrol\u00fcne yard\u0131mc\u0131 olabilir.<\/p>\n\n\n\n<p><strong>A\u011f\u0131r fiziksel aktivitelerden ka\u00e7\u0131n\u0131lmas\u0131:<\/strong><br>Kan bas\u0131nc\u0131n\u0131 ve cerrahi b\u00f6lgede bask\u0131y\u0131 art\u0131rabilecek aktiviteler i\u00e7in doktorun izin verdi\u011fi d\u00f6nemin beklenmesi gerekir.<\/p>\n\n\n\n<p><strong>Yeterli dinlenme:<\/strong><br>V\u00fccudun iyile\u015fme s\u00fcrecinde uyku ve dinlenme \u00f6nemlidir.<\/p>\n\n\n\n<p><strong>Dengeli beslenme:<\/strong><br>Yeterli protein, vitamin, mineral ve s\u0131v\u0131 al\u0131m\u0131 genel yara iyile\u015fme s\u00fcrecini destekleyen fakt\u00f6rler aras\u0131ndad\u0131r.<\/p>\n\n\n\n<p><strong>Sigara kullan\u0131m\u0131ndan ka\u00e7\u0131n\u0131lmas\u0131:<\/strong><br>Sigara, dokulara giden kan ak\u0131m\u0131n\u0131 ve yara iyile\u015fmesini olumsuz etkileyebilece\u011finden cerrahi d\u00f6nem a\u00e7\u0131s\u0131ndan \u00f6nemli bir risk fakt\u00f6r\u00fcd\u00fcr.<\/p>\n\n\n\n<p><strong>G\u00fcne\u015ften korunma:<\/strong><br>\u0130yile\u015fen kesi b\u00f6lgelerinin do\u011frudan yo\u011fun g\u00fcne\u015f \u0131\u015f\u0131\u011f\u0131ndan korunmas\u0131, cerrah\u0131n \u00f6nerdi\u011fi d\u00f6nemde uygun g\u00fcne\u015f koruyucular\u0131n kullan\u0131lmas\u0131 a\u00e7\u0131s\u0131ndan \u00f6nemlidir.<\/p>\n\n\n\n<p>En \u00f6nemli nokta, genel internet \u00f6nerilerinin ki\u015finin kendi cerrah\u0131n\u0131n verdi\u011fi ameliyat sonras\u0131 talimatlar\u0131n yerine ge\u00e7medi\u011fidir.<\/p>\n\n\n\n<h2 class=\"wp-block-heading\"><strong>Y\u00fcz Germe Ameliyat\u0131 Sonras\u0131 Hangi Durumlarda Doktora Ba\u015fvurulmal\u0131d\u0131r?<\/strong><\/h2>\n\n\n\n<p>Y\u00fcz germe ameliyat\u0131 cerrahi bir i\u015flemdir ve her cerrahi giri\u015fimde oldu\u011fu gibi baz\u0131 komplikasyon riskleri bulunur.<\/p>\n\n\n\n<p>Y\u00fczde belirli miktarda \u015fi\u015flik, morluk, gerginlik ve ge\u00e7ici uyu\u015fukluk beklenebilir. Ancak iyile\u015fmenin beklenen seyrinden farkl\u0131 belirtiler ortaya \u00e7\u0131karsa cerrahi ekiple ileti\u015fime ge\u00e7ilmesi gerekir.<\/p>\n\n\n\n<p>\u00d6zellikle;<\/p>\n\n\n\n<ul class=\"wp-block-list\">\n<li>Beklenenden \u00e7ok daha \u015fiddetli veya giderek artan a\u011fr\u0131,<\/li>\n\n\n\n<li>Ani veya h\u0131zla artan \u015fi\u015flik,<\/li>\n\n\n\n<li>Belirgin tek tarafl\u0131 \u015fi\u015fme,<\/li>\n\n\n\n<li>Kontrol edilemeyen kanama,<\/li>\n\n\n\n<li>Kesi b\u00f6lgesinde k\u00f6t\u00fc kokulu veya ola\u011fan d\u0131\u015f\u0131 ak\u0131nt\u0131,<\/li>\n\n\n\n<li>Enfeksiyonu d\u00fc\u015f\u00fcnd\u00fcren bulgular,<\/li>\n\n\n\n<li>Yeni geli\u015fen belirgin hareket veya his kayb\u0131,<\/li>\n\n\n\n<li>Doktor taraf\u0131ndan daha \u00f6nce a\u00e7\u0131klanmam\u0131\u015f beklenmedik belirtiler<\/li>\n<\/ul>\n\n\n\n<p>durumunda operasyonun ger\u00e7ekle\u015ftirildi\u011fi sa\u011fl\u0131k kurulu\u015fuyla ileti\u015fime ge\u00e7ilmelidir.<\/p>\n\n\n\n<p>Kanama, enfeksiyon, s\u0131v\u0131 birikimi, yara iyile\u015fmesinde gecikme, his de\u011fi\u015fiklikleri ve nadiren sinir hasar\u0131 y\u00fcz germe cerrahisinde tan\u0131mlanan komplikasyonlar aras\u0131ndad\u0131r.<\/p>\n\n\n\n<p>\u015eiddetli a\u011fr\u0131 veya beklenmeyen belirtiler ortaya \u00e7\u0131kt\u0131\u011f\u0131nda erken de\u011ferlendirme \u00f6nemlidir.<\/p>\n\n\n\n<p>Y\u00fcz germe ameliyat\u0131 sonras\u0131 iyile\u015fme s\u00fcreci sab\u0131r gerektiren ve a\u015famal\u0131 ilerleyen bir d\u00f6nemdir. \u0130lk g\u00fcnlerde g\u00f6r\u00fclen \u015fi\u015flik ve morluklar zaman i\u00e7erisinde azal\u0131rken, y\u00fcz hatlar\u0131 giderek daha belirgin hale gelir. Bir\u00e7ok ki\u015fi birka\u00e7 hafta i\u00e7erisinde g\u00fcnl\u00fck ve sosyal hayat\u0131na d\u00f6nebilse de dokular\u0131n tamamen iyile\u015fmesi ve y\u00fcz\u00fcn nihai g\u00f6r\u00fcn\u00fcm\u00fcn\u00fcn de\u011ferlendirilmesi daha uzun s\u00fcrebilir.<\/p>\n\n\n\n<p>West Estetik&#8217;te y\u00fcz germe ameliyat\u0131 hakk\u0131nda de\u011ferlendirme yap\u0131l\u0131rken ki\u015finin y\u00fcz anatomisi, cilt yap\u0131s\u0131, beklentileri ve ihtiya\u00e7lar\u0131 birlikte ele al\u0131narak ki\u015fiye \u00f6zel bir cerrahi planlama yap\u0131lmas\u0131 ama\u00e7lan\u0131r. Ameliyat sonras\u0131 s\u00fcre\u00e7te ise cerrah taraf\u0131ndan verilen ki\u015fisel takip ve bak\u0131m \u00f6nerilerine uyulmas\u0131 iyile\u015fme d\u00f6neminin \u00f6nemli bir par\u00e7as\u0131d\u0131r.<\/p>\n\n\n\n<p><\/p>","protected":false},"excerpt":{"rendered":"<p>Y\u00fcz germe ameliyat\u0131, y\u00fcz ve boyun b\u00f6lgesinde zaman i\u00e7erisinde ortaya \u00e7\u0131kan sarkma, gev\u015feme ve kontur kay\u0131plar\u0131n\u0131 yeniden \u015fekillendirmeyi ama\u00e7layan cerrahi<\/p>","protected":false},"author":3,"featured_media":32624,"comment_status":"open","ping_status":"open","sticky":false,"template":"","format":"standard","meta":{"footnotes":""},"categories":[1],"tags":[],"class_list":["post-32622","post","type-post","status-publish","format-standard","has-post-thumbnail","hentry","category-uncategorized"],"_links":{"self":[{"href":"https:\/\/westestetik.com\/es\/wp-json\/wp\/v2\/posts\/32622","targetHints":{"allow":["GET"]}}],"collection":[{"href":"https:\/\/westestetik.com\/es\/wp-json\/wp\/v2\/posts"}],"about":[{"href":"https:\/\/westestetik.com\/es\/wp-json\/wp\/v2\/types\/post"}],"author":[{"embeddable":true,"href":"https:\/\/westestetik.com\/es\/wp-json\/wp\/v2\/users\/3"}],"replies":[{"embeddable":true,"href":"https:\/\/westestetik.com\/es\/wp-json\/wp\/v2\/comments?post=32622"}],"version-history":[{"count":2,"href":"https:\/\/westestetik.com\/es\/wp-json\/wp\/v2\/posts\/32622\/revisions"}],"predecessor-version":[{"id":32625,"href":"https:\/\/westestetik.com\/es\/wp-json\/wp\/v2\/posts\/32622\/revisions\/32625"}],"wp:featuredmedia":[{"embeddable":true,"href":"https:\/\/westestetik.com\/es\/wp-json\/wp\/v2\/media\/32624"}],"wp:attachment":[{"href":"https:\/\/westestetik.com\/es\/wp-json\/wp\/v2\/media?parent=32622"}],"wp:term":[{"taxonomy":"category","embeddable":true,"href":"https:\/\/westestetik.com\/es\/wp-json\/wp\/v2\/categories?post=32622"},{"taxonomy":"post_tag","embeddable":true,"href":"https:\/\/westestetik.com\/es\/wp-json\/wp\/v2\/tags?post=32622"}],"curies":[{"name":"wp","href":"https:\/\/api.w.org\/{rel}","templated":true}]}}